{"id":125,"date":"2021-09-12T09:36:00","date_gmt":"2021-09-12T07:36:00","guid":{"rendered":"http:\/\/seedtemplate-tema-bs.pweb-trento.glauco.it\/?p=125"},"modified":"2021-10-14T17:46:28","modified_gmt":"2021-10-14T15:46:28","slug":"mostra-in-oratorio","status":"publish","type":"post","link":"https:\/\/pweb-lugano.glauco.it\/seedtemplate-rovereto-like\/2021\/09\/12\/mostra-in-oratorio\/","title":{"rendered":"Mostra in Oratorio"},"content":{"rendered":"<p>L\u2019Oratorio \u00e8\u2026 \u201c<strong>la Societ\u00e0 dell\u2019Allegria<\/strong>\u201d. In occasione della \u201cSettimana dell\u2019Educazione\u201d, offriamo a tutta la comunit\u00e0 uno strumento per tornare alle \u201cradici\u201d dell\u2019Oratorio: una Mostra che ci presenta l\u2019esperienza di san Giovanni Bosco e del suo Oratorio.<br \/>\n\u00ab<em>Noi facciamo consistere la santit\u00e0 nello stare molto allegri\u00bb<\/em>. Questo motto di don Bosco \u00e8 il cuore pulsante della mostra dedicata a lui e al \u201csuo\u201d oratorio.<br \/>\n\u00ab<em>Questa \u00e8 la mia casa<\/em>\u00bb \u00e8 l\u2019iscrizione che campeggia sulla porta della povera casa di san Giovanni Bosco ai Becchi in Piemonte, a una ventina di chilometri da Torino. Pu\u00f2 sembrare una frase banale, per indicare le quattro mura dove \u00e8 nato e vissuto per i primi anni. In realt\u00e0 queste parole dicono tutta la semplicit\u00e0 con cui si sono svolti i fatti miracolosi di una vita toccata dal Mistero in modo straordinario. Ed \u00e8 proprio qui il miracolo: nella quotidianit\u00e0 di rapporti familiari \u00e8 nata la storia del \u201csaltimbanco\u201d che divent\u00f2 sacerdote e abbracci\u00f2 migliaia di giovani in tutto il mondo.<br \/>\nL&#8217;oratorio. Tutto nella vita dell&#8217;oratorio, il luogo dove radunava i suoi giovani amici, girava intorno alla Santa Eucaristia e alla Confessione. Questo punto centrale sar\u00e0 la nota dominante che emerger\u00e0 nel raccontare quello che don Bosco ha vissuto insieme ai suoi ragazzi e come sia stato determinante anche nel modo di porsi davanti a tutto e a tutti, dai politici agli ecclesiastici, dagli imprenditori ai poveri. Per don Bosco la cosa pi\u00f9 importante era il desiderio di felicit\u00e0 che muoveva ogni singolo gesto e bisogno, e la consapevolezza che l\u2019Eucaristia fosse l\u2019unica risposta capace di rendere pi\u00f9 umana la vita anche dei giovani.<\/p>\n","protected":false},"excerpt":{"rendered":"<p>L\u2019Oratorio \u00e8\u2026 \u201cla Societ\u00e0 dell\u2019Allegria\u201d. In occasione della \u201cSettimana dell\u2019Educazione\u201d, offriamo a tutta la comunit\u00e0 uno strumento per tornare alle \u201cradici\u201d dell\u2019Oratorio: una Mostra che&#8230; <a class=\"p_t_read_more read-more top\" href=\"https:\/\/pweb-lugano.glauco.it\/seedtemplate-rovereto-like\/2021\/09\/12\/mostra-in-oratorio\/\" rel=\"nofollow\">Leggi tutto<\/a><\/p>\n","protected":false},"author":1,"featured_media":0,"comment_status":"closed","ping_status":"closed","sticky":false,"template":"","format":"standard","meta":[],"categories":[6],"tags":[],"acf":[],"yoast_head":"<!-- This site is optimized with the Yoast SEO plugin v19.0 - https:\/\/yoast.com\/wordpress\/plugins\/seo\/ -->\n<title>Mostra in Oratorio - Denominazione<\/title>\n<meta name=\"robots\" content=\"index, follow, max-snippet:-1, max-image-preview:large, max-video-preview:-1\" \/>\n<link rel=\"canonical\" href=\"https:\/\/pweb-lugano.glauco.it\/seedtemplate-rovereto-like\/2021\/09\/12\/mostra-in-oratorio\/\" \/>\n<meta property=\"og:locale\" content=\"it_IT\" \/>\n<meta property=\"og:type\" content=\"article\" \/>\n<meta property=\"og:title\" content=\"Mostra in Oratorio - Denominazione\" \/>\n<meta property=\"og:description\" content=\"L\u2019Oratorio \u00e8\u2026 \u201cla Societ\u00e0 dell\u2019Allegria\u201d. In occasione della \u201cSettimana dell\u2019Educazione\u201d, offriamo a tutta la comunit\u00e0 uno strumento per tornare alle \u201cradici\u201d dell\u2019Oratorio: una Mostra che... Leggi tutto\" \/>\n<meta property=\"og:url\" content=\"https:\/\/pweb-lugano.glauco.it\/seedtemplate-rovereto-like\/2021\/09\/12\/mostra-in-oratorio\/\" \/>\n<meta property=\"og:site_name\" content=\"Denominazione\" \/>\n<meta property=\"article:published_time\" content=\"2021-09-12T07:36:00+00:00\" \/>\n<meta property=\"article:modified_time\" content=\"2021-10-14T15:46:28+00:00\" \/>\n<meta name=\"twitter:card\" content=\"summary_large_image\" \/>\n<meta name=\"twitter:label1\" content=\"Written by\" \/>\n\t<meta name=\"twitter:data1\" content=\"sEEd_aDm_wP\" \/>\n\t<meta name=\"twitter:label2\" content=\"Est. reading time\" \/>\n\t<meta name=\"twitter:data2\" content=\"1 minuto\" \/>\n<script type=\"application\/ld+json\" class=\"yoast-schema-graph\">{\"@context\":\"https:\/\/schema.org\",\"@graph\":[{\"@type\":\"WebSite\",\"@id\":\"https:\/\/pweb-lugano.glauco.it\/seedtemplate-rovereto-like\/#website\",\"url\":\"https:\/\/pweb-lugano.glauco.it\/seedtemplate-rovereto-like\/\",\"name\":\"Denominazione\",\"description\":\"Diocesi di Lugano\",\"potentialAction\":[{\"@type\":\"SearchAction\",\"target\":{\"@type\":\"EntryPoint\",\"urlTemplate\":\"https:\/\/pweb-lugano.glauco.it\/seedtemplate-rovereto-like\/?s={search_term_string}\"},\"query-input\":\"required name=search_term_string\"}],\"inLanguage\":\"it-IT\"},{\"@type\":\"WebPage\",\"@id\":\"https:\/\/pweb-lugano.glauco.it\/seedtemplate-rovereto-like\/2021\/09\/12\/mostra-in-oratorio\/#webpage\",\"url\":\"https:\/\/pweb-lugano.glauco.it\/seedtemplate-rovereto-like\/2021\/09\/12\/mostra-in-oratorio\/\",\"name\":\"Mostra in Oratorio - Denominazione\",\"isPartOf\":{\"@id\":\"https:\/\/pweb-lugano.glauco.it\/seedtemplate-rovereto-like\/#website\"},\"datePublished\":\"2021-09-12T07:36:00+00:00\",\"dateModified\":\"2021-10-14T15:46:28+00:00\",\"author\":{\"@id\":\"https:\/\/pweb-lugano.glauco.it\/seedtemplate-rovereto-like\/#\/schema\/person\/c079e50e4e5774962ff96f3333939edc\"},\"breadcrumb\":{\"@id\":\"https:\/\/pweb-lugano.glauco.it\/seedtemplate-rovereto-like\/2021\/09\/12\/mostra-in-oratorio\/#breadcrumb\"},\"inLanguage\":\"it-IT\",\"potentialAction\":[{\"@type\":\"ReadAction\",\"target\":[\"https:\/\/pweb-lugano.glauco.it\/seedtemplate-rovereto-like\/2021\/09\/12\/mostra-in-oratorio\/\"]}]},{\"@type\":\"BreadcrumbList\",\"@id\":\"https:\/\/pweb-lugano.glauco.it\/seedtemplate-rovereto-like\/2021\/09\/12\/mostra-in-oratorio\/#breadcrumb\",\"itemListElement\":[{\"@type\":\"ListItem\",\"position\":1,\"name\":\"Home\",\"item\":\"https:\/\/pweb-lugano.glauco.it\/seedtemplate-rovereto-like\/\"},{\"@type\":\"ListItem\",\"position\":2,\"name\":\"Mostra in Oratorio\"}]},{\"@type\":\"Person\",\"@id\":\"https:\/\/pweb-lugano.glauco.it\/seedtemplate-rovereto-like\/#\/schema\/person\/c079e50e4e5774962ff96f3333939edc\",\"name\":\"sEEd_aDm_wP\",\"image\":{\"@type\":\"ImageObject\",\"inLanguage\":\"it-IT\",\"@id\":\"https:\/\/pweb-lugano.glauco.it\/seedtemplate-rovereto-like\/#\/schema\/person\/image\/\",\"url\":\"https:\/\/secure.gravatar.com\/avatar\/91712870a0359f250d1a3c277a2f5ad4?s=96&d=mm&r=g\",\"contentUrl\":\"https:\/\/secure.gravatar.com\/avatar\/91712870a0359f250d1a3c277a2f5ad4?s=96&d=mm&r=g\",\"caption\":\"sEEd_aDm_wP\"},\"url\":\"https:\/\/pweb-lugano.glauco.it\/seedtemplate-rovereto-like\/author\/seed_adm_wp\/\"}]}<\/script>\n<!-- \/ Yoast SEO plugin. -->","yoast_head_json":{"title":"Mostra in Oratorio - Denominazione","robots":{"index":"index","follow":"follow","max-snippet":"max-snippet:-1","max-image-preview":"max-image-preview:large","max-video-preview":"max-video-preview:-1"},"canonical":"https:\/\/pweb-lugano.glauco.it\/seedtemplate-rovereto-like\/2021\/09\/12\/mostra-in-oratorio\/","og_locale":"it_IT","og_type":"article","og_title":"Mostra in Oratorio - Denominazione","og_description":"L\u2019Oratorio \u00e8\u2026 \u201cla Societ\u00e0 dell\u2019Allegria\u201d. In occasione della \u201cSettimana dell\u2019Educazione\u201d, offriamo a tutta la comunit\u00e0 uno strumento per tornare alle \u201cradici\u201d dell\u2019Oratorio: una Mostra che... Leggi tutto","og_url":"https:\/\/pweb-lugano.glauco.it\/seedtemplate-rovereto-like\/2021\/09\/12\/mostra-in-oratorio\/","og_site_name":"Denominazione","article_published_time":"2021-09-12T07:36:00+00:00","article_modified_time":"2021-10-14T15:46:28+00:00","twitter_card":"summary_large_image","twitter_misc":{"Written by":"sEEd_aDm_wP","Est. reading time":"1 minuto"},"schema":{"@context":"https:\/\/schema.org","@graph":[{"@type":"WebSite","@id":"https:\/\/pweb-lugano.glauco.it\/seedtemplate-rovereto-like\/#website","url":"https:\/\/pweb-lugano.glauco.it\/seedtemplate-rovereto-like\/","name":"Denominazione","description":"Diocesi di Lugano","potentialAction":[{"@type":"SearchAction","target":{"@type":"EntryPoint","urlTemplate":"https:\/\/pweb-lugano.glauco.it\/seedtemplate-rovereto-like\/?s={search_term_string}"},"query-input":"required name=search_term_string"}],"inLanguage":"it-IT"},{"@type":"WebPage","@id":"https:\/\/pweb-lugano.glauco.it\/seedtemplate-rovereto-like\/2021\/09\/12\/mostra-in-oratorio\/#webpage","url":"https:\/\/pweb-lugano.glauco.it\/seedtemplate-rovereto-like\/2021\/09\/12\/mostra-in-oratorio\/","name":"Mostra in Oratorio - Denominazione","isPartOf":{"@id":"https:\/\/pweb-lugano.glauco.it\/seedtemplate-rovereto-like\/#website"},"datePublished":"2021-09-12T07:36:00+00:00","dateModified":"2021-10-14T15:46:28+00:00","author":{"@id":"https:\/\/pweb-lugano.glauco.it\/seedtemplate-rovereto-like\/#\/schema\/person\/c079e50e4e5774962ff96f3333939edc"},"breadcrumb":{"@id":"https:\/\/pweb-lugano.glauco.it\/seedtemplate-rovereto-like\/2021\/09\/12\/mostra-in-oratorio\/#breadcrumb"},"inLanguage":"it-IT","potentialAction":[{"@type":"ReadAction","target":["https:\/\/pweb-lugano.glauco.it\/seedtemplate-rovereto-like\/2021\/09\/12\/mostra-in-oratorio\/"]}]},{"@type":"BreadcrumbList","@id":"https:\/\/pweb-lugano.glauco.it\/seedtemplate-rovereto-like\/2021\/09\/12\/mostra-in-oratorio\/#breadcrumb","itemListElement":[{"@type":"ListItem","position":1,"name":"Home","item":"https:\/\/pweb-lugano.glauco.it\/seedtemplate-rovereto-like\/"},{"@type":"ListItem","position":2,"name":"Mostra in Oratorio"}]},{"@type":"Person","@id":"https:\/\/pweb-lugano.glauco.it\/seedtemplate-rovereto-like\/#\/schema\/person\/c079e50e4e5774962ff96f3333939edc","name":"sEEd_aDm_wP","image":{"@type":"ImageObject","inLanguage":"it-IT","@id":"https:\/\/pweb-lugano.glauco.it\/seedtemplate-rovereto-like\/#\/schema\/person\/image\/","url":"https:\/\/secure.gravatar.com\/avatar\/91712870a0359f250d1a3c277a2f5ad4?s=96&d=mm&r=g","contentUrl":"https:\/\/secure.gravatar.com\/avatar\/91712870a0359f250d1a3c277a2f5ad4?s=96&d=mm&r=g","caption":"sEEd_aDm_wP"},"url":"https:\/\/pweb-lugano.glauco.it\/seedtemplate-rovereto-like\/author\/seed_adm_wp\/"}]}},"_links":{"self":[{"href":"https:\/\/pweb-lugano.glauco.it\/seedtemplate-rovereto-like\/wp-json\/wp\/v2\/posts\/125"}],"collection":[{"href":"https:\/\/pweb-lugano.glauco.it\/seedtemplate-rovereto-like\/wp-json\/wp\/v2\/posts"}],"about":[{"href":"https:\/\/pweb-lugano.glauco.it\/seedtemplate-rovereto-like\/wp-json\/wp\/v2\/types\/post"}],"author":[{"embeddable":true,"href":"https:\/\/pweb-lugano.glauco.it\/seedtemplate-rovereto-like\/wp-json\/wp\/v2\/users\/1"}],"replies":[{"embeddable":true,"href":"https:\/\/pweb-lugano.glauco.it\/seedtemplate-rovereto-like\/wp-json\/wp\/v2\/comments?post=125"}],"version-history":[{"count":1,"href":"https:\/\/pweb-lugano.glauco.it\/seedtemplate-rovereto-like\/wp-json\/wp\/v2\/posts\/125\/revisions"}],"predecessor-version":[{"id":126,"href":"https:\/\/pweb-lugano.glauco.it\/seedtemplate-rovereto-like\/wp-json\/wp\/v2\/posts\/125\/revisions\/126"}],"wp:attachment":[{"href":"https:\/\/pweb-lugano.glauco.it\/seedtemplate-rovereto-like\/wp-json\/wp\/v2\/media?parent=125"}],"wp:term":[{"taxonomy":"category","embeddable":true,"href":"https:\/\/pweb-lugano.glauco.it\/seedtemplate-rovereto-like\/wp-json\/wp\/v2\/categories?post=125"},{"taxonomy":"post_tag","embeddable":true,"href":"https:\/\/pweb-lugano.glauco.it\/seedtemplate-rovereto-like\/wp-json\/wp\/v2\/tags?post=125"}],"curies":[{"name":"wp","href":"https:\/\/api.w.org\/{rel}","templated":true}]}}