{"id":102,"date":"2021-09-26T13:15:13","date_gmt":"2021-09-26T11:15:13","guid":{"rendered":"http:\/\/seedtemplate-tema-bs.pweb-trento.glauco.it\/?p=102"},"modified":"2021-10-14T17:46:13","modified_gmt":"2021-10-14T15:46:13","slug":"listituto-musica-sacra-compie-90-anni","status":"publish","type":"post","link":"https:\/\/pweb-lugano.glauco.it\/seedtemplate-rovereto-like\/2021\/09\/26\/listituto-musica-sacra-compie-90-anni\/","title":{"rendered":"L\u2019Istituto Musica Sacra compie 90 anni"},"content":{"rendered":"<p>Tappa prestigiosa per l\u2019Istituto Diocesano di Musica Sacra che s\u2019appresta ad aprire il nuovo anno scolastico ricordando i novant\u2019anni dalla fondazione. Proprio nel novembre del 1927 mons. Celestino Eccher, fresco degli studi al Pontificio Istituto di Musica Sacra di Roma, dava inizio ai corsi aperti a tutta la diocesi. \u201cAncora oggi, dopo novant\u2019anni, \u2013 spiega Paolo Delama, direttore dell\u2019Istituto \u2013 \u00a0invitiamo coloro che all\u2019interno delle comunit\u00e0 parrocchiali vogliono maturare una formazione musicale e liturgica, per dare nuova linfa alle nostre celebrazioni\u201d. Il nuovo anno scolastico partir\u00e0 ufficialmente il prossimo 7 ottobre. Info da luned\u00ec 18 settembre a venerd\u00ec 30 settembre presso l\u2019Ufficio Diocesano Musica Sacra.\u00a0<a href=\"mailto:musicasacra@diocesitn.it\">musicasacra@diocesitn.it<\/a>\u00a0\u2013 0461.891134<\/p>\n","protected":false},"excerpt":{"rendered":"<p>Tappa prestigiosa per l\u2019Istituto Diocesano di Musica Sacra che s\u2019appresta ad aprire il nuovo anno scolastico ricordando i novant\u2019anni dalla fondazione. Proprio nel novembre del&#8230; <a class=\"p_t_read_more read-more top\" href=\"https:\/\/pweb-lugano.glauco.it\/seedtemplate-rovereto-like\/2021\/09\/26\/listituto-musica-sacra-compie-90-anni\/\" rel=\"nofollow\">Leggi tutto<\/a><\/p>\n","protected":false},"author":1,"featured_media":103,"comment_status":"closed","ping_status":"closed","sticky":false,"template":"","format":"standard","meta":[],"categories":[1],"tags":[],"acf":[],"yoast_head":"<!-- This site is optimized with the Yoast SEO plugin v19.0 - https:\/\/yoast.com\/wordpress\/plugins\/seo\/ -->\n<title>L\u2019Istituto Musica Sacra compie 90 anni - Denominazione<\/title>\n<meta name=\"robots\" content=\"index, follow, max-snippet:-1, max-image-preview:large, max-video-preview:-1\" \/>\n<link rel=\"canonical\" href=\"https:\/\/pweb-lugano.glauco.it\/seedtemplate-rovereto-like\/2021\/09\/26\/listituto-musica-sacra-compie-90-anni\/\" \/>\n<meta property=\"og:locale\" content=\"it_IT\" \/>\n<meta property=\"og:type\" content=\"article\" \/>\n<meta property=\"og:title\" content=\"L\u2019Istituto Musica Sacra compie 90 anni - Denominazione\" \/>\n<meta property=\"og:description\" content=\"Tappa prestigiosa per l\u2019Istituto Diocesano di Musica Sacra che s\u2019appresta ad aprire il nuovo anno scolastico ricordando i novant\u2019anni dalla fondazione. Proprio nel novembre del... Leggi tutto\" \/>\n<meta property=\"og:url\" content=\"https:\/\/pweb-lugano.glauco.it\/seedtemplate-rovereto-like\/2021\/09\/26\/listituto-musica-sacra-compie-90-anni\/\" \/>\n<meta property=\"og:site_name\" content=\"Denominazione\" \/>\n<meta property=\"article:published_time\" content=\"2021-09-26T11:15:13+00:00\" \/>\n<meta property=\"article:modified_time\" content=\"2021-10-14T15:46:13+00:00\" \/>\n<meta property=\"og:image\" content=\"https:\/\/pweb-lugano.glauco.it\/seedtemplate-rovereto-like\/wp-content\/uploads\/sites\/89\/2017\/09\/cori.jpg\" \/>\n\t<meta property=\"og:image:width\" content=\"1260\" \/>\n\t<meta property=\"og:image:height\" content=\"819\" \/>\n\t<meta property=\"og:image:type\" content=\"image\/jpeg\" \/>\n<meta name=\"twitter:card\" content=\"summary_large_image\" \/>\n<meta name=\"twitter:label1\" content=\"Written by\" \/>\n\t<meta name=\"twitter:data1\" content=\"sEEd_aDm_wP\" \/>\n\t<meta name=\"twitter:label2\" content=\"Est. reading time\" \/>\n\t<meta name=\"twitter:data2\" content=\"1 minuto\" \/>\n<script type=\"application\/ld+json\" class=\"yoast-schema-graph\">{\"@context\":\"https:\/\/schema.org\",\"@graph\":[{\"@type\":\"WebSite\",\"@id\":\"https:\/\/pweb-lugano.glauco.it\/seedtemplate-rovereto-like\/#website\",\"url\":\"https:\/\/pweb-lugano.glauco.it\/seedtemplate-rovereto-like\/\",\"name\":\"Denominazione\",\"description\":\"Diocesi di Lugano\",\"potentialAction\":[{\"@type\":\"SearchAction\",\"target\":{\"@type\":\"EntryPoint\",\"urlTemplate\":\"https:\/\/pweb-lugano.glauco.it\/seedtemplate-rovereto-like\/?s={search_term_string}\"},\"query-input\":\"required name=search_term_string\"}],\"inLanguage\":\"it-IT\"},{\"@type\":\"ImageObject\",\"inLanguage\":\"it-IT\",\"@id\":\"https:\/\/pweb-lugano.glauco.it\/seedtemplate-rovereto-like\/2021\/09\/26\/listituto-musica-sacra-compie-90-anni\/#primaryimage\",\"url\":\"https:\/\/pweb-lugano.glauco.it\/seedtemplate-rovereto-like\/wp-content\/uploads\/sites\/89\/2017\/09\/cori.jpg\",\"contentUrl\":\"https:\/\/pweb-lugano.glauco.it\/seedtemplate-rovereto-like\/wp-content\/uploads\/sites\/89\/2017\/09\/cori.jpg\",\"width\":1260,\"height\":819},{\"@type\":\"WebPage\",\"@id\":\"https:\/\/pweb-lugano.glauco.it\/seedtemplate-rovereto-like\/2021\/09\/26\/listituto-musica-sacra-compie-90-anni\/#webpage\",\"url\":\"https:\/\/pweb-lugano.glauco.it\/seedtemplate-rovereto-like\/2021\/09\/26\/listituto-musica-sacra-compie-90-anni\/\",\"name\":\"L\u2019Istituto Musica Sacra compie 90 anni - Denominazione\",\"isPartOf\":{\"@id\":\"https:\/\/pweb-lugano.glauco.it\/seedtemplate-rovereto-like\/#website\"},\"primaryImageOfPage\":{\"@id\":\"https:\/\/pweb-lugano.glauco.it\/seedtemplate-rovereto-like\/2021\/09\/26\/listituto-musica-sacra-compie-90-anni\/#primaryimage\"},\"datePublished\":\"2021-09-26T11:15:13+00:00\",\"dateModified\":\"2021-10-14T15:46:13+00:00\",\"author\":{\"@id\":\"https:\/\/pweb-lugano.glauco.it\/seedtemplate-rovereto-like\/#\/schema\/person\/c079e50e4e5774962ff96f3333939edc\"},\"breadcrumb\":{\"@id\":\"https:\/\/pweb-lugano.glauco.it\/seedtemplate-rovereto-like\/2021\/09\/26\/listituto-musica-sacra-compie-90-anni\/#breadcrumb\"},\"inLanguage\":\"it-IT\",\"potentialAction\":[{\"@type\":\"ReadAction\",\"target\":[\"https:\/\/pweb-lugano.glauco.it\/seedtemplate-rovereto-like\/2021\/09\/26\/listituto-musica-sacra-compie-90-anni\/\"]}]},{\"@type\":\"BreadcrumbList\",\"@id\":\"https:\/\/pweb-lugano.glauco.it\/seedtemplate-rovereto-like\/2021\/09\/26\/listituto-musica-sacra-compie-90-anni\/#breadcrumb\",\"itemListElement\":[{\"@type\":\"ListItem\",\"position\":1,\"name\":\"Home\",\"item\":\"https:\/\/pweb-lugano.glauco.it\/seedtemplate-rovereto-like\/\"},{\"@type\":\"ListItem\",\"position\":2,\"name\":\"L\u2019Istituto Musica Sacra compie 90 anni\"}]},{\"@type\":\"Person\",\"@id\":\"https:\/\/pweb-lugano.glauco.it\/seedtemplate-rovereto-like\/#\/schema\/person\/c079e50e4e5774962ff96f3333939edc\",\"name\":\"sEEd_aDm_wP\",\"image\":{\"@type\":\"ImageObject\",\"inLanguage\":\"it-IT\",\"@id\":\"https:\/\/pweb-lugano.glauco.it\/seedtemplate-rovereto-like\/#\/schema\/person\/image\/\",\"url\":\"https:\/\/secure.gravatar.com\/avatar\/91712870a0359f250d1a3c277a2f5ad4?s=96&d=mm&r=g\",\"contentUrl\":\"https:\/\/secure.gravatar.com\/avatar\/91712870a0359f250d1a3c277a2f5ad4?s=96&d=mm&r=g\",\"caption\":\"sEEd_aDm_wP\"},\"url\":\"https:\/\/pweb-lugano.glauco.it\/seedtemplate-rovereto-like\/author\/seed_adm_wp\/\"}]}<\/script>\n<!-- \/ Yoast SEO plugin. -->","yoast_head_json":{"title":"L\u2019Istituto Musica Sacra compie 90 anni - Denominazione","robots":{"index":"index","follow":"follow","max-snippet":"max-snippet:-1","max-image-preview":"max-image-preview:large","max-video-preview":"max-video-preview:-1"},"canonical":"https:\/\/pweb-lugano.glauco.it\/seedtemplate-rovereto-like\/2021\/09\/26\/listituto-musica-sacra-compie-90-anni\/","og_locale":"it_IT","og_type":"article","og_title":"L\u2019Istituto Musica Sacra compie 90 anni - Denominazione","og_description":"Tappa prestigiosa per l\u2019Istituto Diocesano di Musica Sacra che s\u2019appresta ad aprire il nuovo anno scolastico ricordando i novant\u2019anni dalla fondazione. Proprio nel novembre del... Leggi tutto","og_url":"https:\/\/pweb-lugano.glauco.it\/seedtemplate-rovereto-like\/2021\/09\/26\/listituto-musica-sacra-compie-90-anni\/","og_site_name":"Denominazione","article_published_time":"2021-09-26T11:15:13+00:00","article_modified_time":"2021-10-14T15:46:13+00:00","og_image":[{"width":1260,"height":819,"url":"https:\/\/pweb-lugano.glauco.it\/seedtemplate-rovereto-like\/wp-content\/uploads\/sites\/89\/2017\/09\/cori.jpg","type":"image\/jpeg"}],"twitter_card":"summary_large_image","twitter_misc":{"Written by":"sEEd_aDm_wP","Est. reading time":"1 minuto"},"schema":{"@context":"https:\/\/schema.org","@graph":[{"@type":"WebSite","@id":"https:\/\/pweb-lugano.glauco.it\/seedtemplate-rovereto-like\/#website","url":"https:\/\/pweb-lugano.glauco.it\/seedtemplate-rovereto-like\/","name":"Denominazione","description":"Diocesi di Lugano","potentialAction":[{"@type":"SearchAction","target":{"@type":"EntryPoint","urlTemplate":"https:\/\/pweb-lugano.glauco.it\/seedtemplate-rovereto-like\/?s={search_term_string}"},"query-input":"required name=search_term_string"}],"inLanguage":"it-IT"},{"@type":"ImageObject","inLanguage":"it-IT","@id":"https:\/\/pweb-lugano.glauco.it\/seedtemplate-rovereto-like\/2021\/09\/26\/listituto-musica-sacra-compie-90-anni\/#primaryimage","url":"https:\/\/pweb-lugano.glauco.it\/seedtemplate-rovereto-like\/wp-content\/uploads\/sites\/89\/2017\/09\/cori.jpg","contentUrl":"https:\/\/pweb-lugano.glauco.it\/seedtemplate-rovereto-like\/wp-content\/uploads\/sites\/89\/2017\/09\/cori.jpg","width":1260,"height":819},{"@type":"WebPage","@id":"https:\/\/pweb-lugano.glauco.it\/seedtemplate-rovereto-like\/2021\/09\/26\/listituto-musica-sacra-compie-90-anni\/#webpage","url":"https:\/\/pweb-lugano.glauco.it\/seedtemplate-rovereto-like\/2021\/09\/26\/listituto-musica-sacra-compie-90-anni\/","name":"L\u2019Istituto Musica Sacra compie 90 anni - Denominazione","isPartOf":{"@id":"https:\/\/pweb-lugano.glauco.it\/seedtemplate-rovereto-like\/#website"},"primaryImageOfPage":{"@id":"https:\/\/pweb-lugano.glauco.it\/seedtemplate-rovereto-like\/2021\/09\/26\/listituto-musica-sacra-compie-90-anni\/#primaryimage"},"datePublished":"2021-09-26T11:15:13+00:00","dateModified":"2021-10-14T15:46:13+00:00","author":{"@id":"https:\/\/pweb-lugano.glauco.it\/seedtemplate-rovereto-like\/#\/schema\/person\/c079e50e4e5774962ff96f3333939edc"},"breadcrumb":{"@id":"https:\/\/pweb-lugano.glauco.it\/seedtemplate-rovereto-like\/2021\/09\/26\/listituto-musica-sacra-compie-90-anni\/#breadcrumb"},"inLanguage":"it-IT","potentialAction":[{"@type":"ReadAction","target":["https:\/\/pweb-lugano.glauco.it\/seedtemplate-rovereto-like\/2021\/09\/26\/listituto-musica-sacra-compie-90-anni\/"]}]},{"@type":"BreadcrumbList","@id":"https:\/\/pweb-lugano.glauco.it\/seedtemplate-rovereto-like\/2021\/09\/26\/listituto-musica-sacra-compie-90-anni\/#breadcrumb","itemListElement":[{"@type":"ListItem","position":1,"name":"Home","item":"https:\/\/pweb-lugano.glauco.it\/seedtemplate-rovereto-like\/"},{"@type":"ListItem","position":2,"name":"L\u2019Istituto Musica Sacra compie 90 anni"}]},{"@type":"Person","@id":"https:\/\/pweb-lugano.glauco.it\/seedtemplate-rovereto-like\/#\/schema\/person\/c079e50e4e5774962ff96f3333939edc","name":"sEEd_aDm_wP","image":{"@type":"ImageObject","inLanguage":"it-IT","@id":"https:\/\/pweb-lugano.glauco.it\/seedtemplate-rovereto-like\/#\/schema\/person\/image\/","url":"https:\/\/secure.gravatar.com\/avatar\/91712870a0359f250d1a3c277a2f5ad4?s=96&d=mm&r=g","contentUrl":"https:\/\/secure.gravatar.com\/avatar\/91712870a0359f250d1a3c277a2f5ad4?s=96&d=mm&r=g","caption":"sEEd_aDm_wP"},"url":"https:\/\/pweb-lugano.glauco.it\/seedtemplate-rovereto-like\/author\/seed_adm_wp\/"}]}},"_links":{"self":[{"href":"https:\/\/pweb-lugano.glauco.it\/seedtemplate-rovereto-like\/wp-json\/wp\/v2\/posts\/102"}],"collection":[{"href":"https:\/\/pweb-lugano.glauco.it\/seedtemplate-rovereto-like\/wp-json\/wp\/v2\/posts"}],"about":[{"href":"https:\/\/pweb-lugano.glauco.it\/seedtemplate-rovereto-like\/wp-json\/wp\/v2\/types\/post"}],"author":[{"embeddable":true,"href":"https:\/\/pweb-lugano.glauco.it\/seedtemplate-rovereto-like\/wp-json\/wp\/v2\/users\/1"}],"replies":[{"embeddable":true,"href":"https:\/\/pweb-lugano.glauco.it\/seedtemplate-rovereto-like\/wp-json\/wp\/v2\/comments?post=102"}],"version-history":[{"count":1,"href":"https:\/\/pweb-lugano.glauco.it\/seedtemplate-rovereto-like\/wp-json\/wp\/v2\/posts\/102\/revisions"}],"predecessor-version":[{"id":104,"href":"https:\/\/pweb-lugano.glauco.it\/seedtemplate-rovereto-like\/wp-json\/wp\/v2\/posts\/102\/revisions\/104"}],"wp:featuredmedia":[{"embeddable":true,"href":"https:\/\/pweb-lugano.glauco.it\/seedtemplate-rovereto-like\/wp-json\/wp\/v2\/media\/103"}],"wp:attachment":[{"href":"https:\/\/pweb-lugano.glauco.it\/seedtemplate-rovereto-like\/wp-json\/wp\/v2\/media?parent=102"}],"wp:term":[{"taxonomy":"category","embeddable":true,"href":"https:\/\/pweb-lugano.glauco.it\/seedtemplate-rovereto-like\/wp-json\/wp\/v2\/categories?post=102"},{"taxonomy":"post_tag","embeddable":true,"href":"https:\/\/pweb-lugano.glauco.it\/seedtemplate-rovereto-like\/wp-json\/wp\/v2\/tags?post=102"}],"curies":[{"name":"wp","href":"https:\/\/api.w.org\/{rel}","templated":true}]}}