{"id":120,"date":"2021-09-27T09:32:43","date_gmt":"2021-09-27T07:32:43","guid":{"rendered":"http:\/\/seedtemplate-unita-integrale.pweb-trento.glauco.it\/?p=120"},"modified":"2021-10-14T17:28:38","modified_gmt":"2021-10-14T15:28:38","slug":"ecco-il-programma","status":"publish","type":"post","link":"https:\/\/pweb-lugano.glauco.it\/seedtemplate-basico-reboot-multi\/2021\/09\/27\/ecco-il-programma\/","title":{"rendered":"ecco il programma"},"content":{"rendered":"<p>E\u2019 ai nastri di partenza l\u2019avventura del nuovissimo Istituto di Scienze religiose, la proposta sul versante dell\u2019alta formazione teologica. L\u2019Istituto raccoglie l\u2019eredit\u00e0 del Corso di Scienze Religiose, non pi\u00f9 attivo alla Fondazione Kessler e dello Stat, lo studio teologico. Ora il rapporto \u00e8 con la Facolt\u00e0 teologica e vede anche la nascita di un ITA, Istituto teologico affiliato a cui sar\u00e0 affidata, in particolare, la formazione accademica dei seminaristi. L\u2019ITA operer\u00e0 in stretta sinergia. Quest\u2019ultimo ha definito il programma completo dei corsi distribuiti sul quinquennio (3+2).<\/p>\n","protected":false},"excerpt":{"rendered":"<p>E\u2019 ai nastri di partenza l\u2019avventura del nuovissimo Istituto di Scienze religiose, la proposta sul versante dell\u2019alta formazione teologica. L\u2019Istituto raccoglie l\u2019eredit\u00e0 del Corso di&#8230; <a class=\"read-more\" href=\"https:\/\/pweb-lugano.glauco.it\/seedtemplate-basico-reboot-multi\/2021\/09\/27\/ecco-il-programma\/\" rel=\"nofollow\">Leggi tutto<\/a><\/p>\n","protected":false},"author":1,"featured_media":216,"comment_status":"closed","ping_status":"closed","sticky":false,"template":"","format":"standard","meta":[],"categories":[1],"tags":[],"acf":[],"yoast_head":"<!-- This site is optimized with the Yoast SEO plugin v19.0 - https:\/\/yoast.com\/wordpress\/plugins\/seo\/ -->\n<title>ecco il programma - Unit\u00e0 Pastorale A<\/title>\n<meta name=\"robots\" content=\"index, follow, max-snippet:-1, max-image-preview:large, max-video-preview:-1\" \/>\n<link rel=\"canonical\" href=\"https:\/\/pweb-lugano.glauco.it\/seedtemplate-basico-reboot-multi\/2021\/09\/27\/ecco-il-programma\/\" \/>\n<meta property=\"og:locale\" content=\"it_IT\" \/>\n<meta property=\"og:type\" content=\"article\" \/>\n<meta property=\"og:title\" content=\"ecco il programma - Unit\u00e0 Pastorale A\" \/>\n<meta property=\"og:description\" content=\"E\u2019 ai nastri di partenza l\u2019avventura del nuovissimo Istituto di Scienze religiose, la proposta sul versante dell\u2019alta formazione teologica. L\u2019Istituto raccoglie l\u2019eredit\u00e0 del Corso di... Leggi tutto\" \/>\n<meta property=\"og:url\" content=\"https:\/\/pweb-lugano.glauco.it\/seedtemplate-basico-reboot-multi\/2021\/09\/27\/ecco-il-programma\/\" \/>\n<meta property=\"og:site_name\" content=\"Unit\u00e0 Pastorale A\" \/>\n<meta property=\"article:published_time\" content=\"2021-09-27T07:32:43+00:00\" \/>\n<meta property=\"article:modified_time\" content=\"2021-10-14T15:28:38+00:00\" \/>\n<meta property=\"og:image\" content=\"https:\/\/pweb-lugano.glauco.it\/seedtemplate-basico-reboot-multi\/wp-content\/uploads\/sites\/34\/2021\/09\/DSCx_7094-800x533-2.jpg\" \/>\n\t<meta property=\"og:image:width\" content=\"800\" \/>\n\t<meta property=\"og:image:height\" content=\"533\" \/>\n\t<meta property=\"og:image:type\" content=\"image\/jpeg\" \/>\n<meta name=\"twitter:card\" content=\"summary_large_image\" \/>\n<meta name=\"twitter:label1\" content=\"Written by\" \/>\n\t<meta name=\"twitter:data1\" content=\"sEEd_aDm_wP\" \/>\n<script type=\"application\/ld+json\" class=\"yoast-schema-graph\">{\"@context\":\"https:\/\/schema.org\",\"@graph\":[{\"@type\":\"WebSite\",\"@id\":\"https:\/\/pweb-lugano.glauco.it\/seedtemplate-basico-reboot-multi\/#website\",\"url\":\"https:\/\/pweb-lugano.glauco.it\/seedtemplate-basico-reboot-multi\/\",\"name\":\"Unit\u00e0 Pastorale A\",\"description\":\"Diocesi di Lugano\",\"potentialAction\":[{\"@type\":\"SearchAction\",\"target\":{\"@type\":\"EntryPoint\",\"urlTemplate\":\"https:\/\/pweb-lugano.glauco.it\/seedtemplate-basico-reboot-multi\/?s={search_term_string}\"},\"query-input\":\"required name=search_term_string\"}],\"inLanguage\":\"it-IT\"},{\"@type\":\"ImageObject\",\"inLanguage\":\"it-IT\",\"@id\":\"https:\/\/pweb-lugano.glauco.it\/seedtemplate-basico-reboot-multi\/2021\/09\/27\/ecco-il-programma\/#primaryimage\",\"url\":\"https:\/\/pweb-lugano.glauco.it\/seedtemplate-basico-reboot-multi\/wp-content\/uploads\/sites\/34\/2021\/09\/DSCx_7094-800x533-2.jpg\",\"contentUrl\":\"https:\/\/pweb-lugano.glauco.it\/seedtemplate-basico-reboot-multi\/wp-content\/uploads\/sites\/34\/2021\/09\/DSCx_7094-800x533-2.jpg\",\"width\":800,\"height\":533,\"caption\":\"Lugano: Facolt\u0088 di Teologia, cerimonia di consegna diplomi e e Santa Messa. Nella foto, i neo diplomati alla Facolt\u0088 di Teologia di Lugano. \u00a9 Ti-Press \/ Samuel Gola\"},{\"@type\":\"WebPage\",\"@id\":\"https:\/\/pweb-lugano.glauco.it\/seedtemplate-basico-reboot-multi\/2021\/09\/27\/ecco-il-programma\/#webpage\",\"url\":\"https:\/\/pweb-lugano.glauco.it\/seedtemplate-basico-reboot-multi\/2021\/09\/27\/ecco-il-programma\/\",\"name\":\"ecco il programma - Unit\u00e0 Pastorale A\",\"isPartOf\":{\"@id\":\"https:\/\/pweb-lugano.glauco.it\/seedtemplate-basico-reboot-multi\/#website\"},\"primaryImageOfPage\":{\"@id\":\"https:\/\/pweb-lugano.glauco.it\/seedtemplate-basico-reboot-multi\/2021\/09\/27\/ecco-il-programma\/#primaryimage\"},\"datePublished\":\"2021-09-27T07:32:43+00:00\",\"dateModified\":\"2021-10-14T15:28:38+00:00\",\"author\":{\"@id\":\"https:\/\/pweb-lugano.glauco.it\/seedtemplate-basico-reboot-multi\/#\/schema\/person\/c079e50e4e5774962ff96f3333939edc\"},\"breadcrumb\":{\"@id\":\"https:\/\/pweb-lugano.glauco.it\/seedtemplate-basico-reboot-multi\/2021\/09\/27\/ecco-il-programma\/#breadcrumb\"},\"inLanguage\":\"it-IT\",\"potentialAction\":[{\"@type\":\"ReadAction\",\"target\":[\"https:\/\/pweb-lugano.glauco.it\/seedtemplate-basico-reboot-multi\/2021\/09\/27\/ecco-il-programma\/\"]}]},{\"@type\":\"BreadcrumbList\",\"@id\":\"https:\/\/pweb-lugano.glauco.it\/seedtemplate-basico-reboot-multi\/2021\/09\/27\/ecco-il-programma\/#breadcrumb\",\"itemListElement\":[{\"@type\":\"ListItem\",\"position\":1,\"name\":\"Home\",\"item\":\"https:\/\/pweb-lugano.glauco.it\/seedtemplate-basico-reboot-multi\/\"},{\"@type\":\"ListItem\",\"position\":2,\"name\":\"ecco il programma\"}]},{\"@type\":\"Person\",\"@id\":\"https:\/\/pweb-lugano.glauco.it\/seedtemplate-basico-reboot-multi\/#\/schema\/person\/c079e50e4e5774962ff96f3333939edc\",\"name\":\"sEEd_aDm_wP\",\"image\":{\"@type\":\"ImageObject\",\"inLanguage\":\"it-IT\",\"@id\":\"https:\/\/pweb-lugano.glauco.it\/seedtemplate-basico-reboot-multi\/#\/schema\/person\/image\/\",\"url\":\"https:\/\/secure.gravatar.com\/avatar\/91712870a0359f250d1a3c277a2f5ad4?s=96&d=mm&r=g\",\"contentUrl\":\"https:\/\/secure.gravatar.com\/avatar\/91712870a0359f250d1a3c277a2f5ad4?s=96&d=mm&r=g\",\"caption\":\"sEEd_aDm_wP\"},\"url\":\"https:\/\/pweb-lugano.glauco.it\/seedtemplate-basico-reboot-multi\/author\/seed_adm_wp\/\"}]}<\/script>\n<!-- \/ Yoast SEO plugin. -->","yoast_head_json":{"title":"ecco il programma - Unit\u00e0 Pastorale A","robots":{"index":"index","follow":"follow","max-snippet":"max-snippet:-1","max-image-preview":"max-image-preview:large","max-video-preview":"max-video-preview:-1"},"canonical":"https:\/\/pweb-lugano.glauco.it\/seedtemplate-basico-reboot-multi\/2021\/09\/27\/ecco-il-programma\/","og_locale":"it_IT","og_type":"article","og_title":"ecco il programma - Unit\u00e0 Pastorale A","og_description":"E\u2019 ai nastri di partenza l\u2019avventura del nuovissimo Istituto di Scienze religiose, la proposta sul versante dell\u2019alta formazione teologica. L\u2019Istituto raccoglie l\u2019eredit\u00e0 del Corso di... Leggi tutto","og_url":"https:\/\/pweb-lugano.glauco.it\/seedtemplate-basico-reboot-multi\/2021\/09\/27\/ecco-il-programma\/","og_site_name":"Unit\u00e0 Pastorale A","article_published_time":"2021-09-27T07:32:43+00:00","article_modified_time":"2021-10-14T15:28:38+00:00","og_image":[{"width":800,"height":533,"url":"https:\/\/pweb-lugano.glauco.it\/seedtemplate-basico-reboot-multi\/wp-content\/uploads\/sites\/34\/2021\/09\/DSCx_7094-800x533-2.jpg","type":"image\/jpeg"}],"twitter_card":"summary_large_image","twitter_misc":{"Written by":"sEEd_aDm_wP"},"schema":{"@context":"https:\/\/schema.org","@graph":[{"@type":"WebSite","@id":"https:\/\/pweb-lugano.glauco.it\/seedtemplate-basico-reboot-multi\/#website","url":"https:\/\/pweb-lugano.glauco.it\/seedtemplate-basico-reboot-multi\/","name":"Unit\u00e0 Pastorale A","description":"Diocesi di Lugano","potentialAction":[{"@type":"SearchAction","target":{"@type":"EntryPoint","urlTemplate":"https:\/\/pweb-lugano.glauco.it\/seedtemplate-basico-reboot-multi\/?s={search_term_string}"},"query-input":"required name=search_term_string"}],"inLanguage":"it-IT"},{"@type":"ImageObject","inLanguage":"it-IT","@id":"https:\/\/pweb-lugano.glauco.it\/seedtemplate-basico-reboot-multi\/2021\/09\/27\/ecco-il-programma\/#primaryimage","url":"https:\/\/pweb-lugano.glauco.it\/seedtemplate-basico-reboot-multi\/wp-content\/uploads\/sites\/34\/2021\/09\/DSCx_7094-800x533-2.jpg","contentUrl":"https:\/\/pweb-lugano.glauco.it\/seedtemplate-basico-reboot-multi\/wp-content\/uploads\/sites\/34\/2021\/09\/DSCx_7094-800x533-2.jpg","width":800,"height":533,"caption":"Lugano: Facolt\u0088 di Teologia, cerimonia di consegna diplomi e e Santa Messa. Nella foto, i neo diplomati alla Facolt\u0088 di Teologia di Lugano. \u00a9 Ti-Press \/ Samuel Gola"},{"@type":"WebPage","@id":"https:\/\/pweb-lugano.glauco.it\/seedtemplate-basico-reboot-multi\/2021\/09\/27\/ecco-il-programma\/#webpage","url":"https:\/\/pweb-lugano.glauco.it\/seedtemplate-basico-reboot-multi\/2021\/09\/27\/ecco-il-programma\/","name":"ecco il programma - Unit\u00e0 Pastorale A","isPartOf":{"@id":"https:\/\/pweb-lugano.glauco.it\/seedtemplate-basico-reboot-multi\/#website"},"primaryImageOfPage":{"@id":"https:\/\/pweb-lugano.glauco.it\/seedtemplate-basico-reboot-multi\/2021\/09\/27\/ecco-il-programma\/#primaryimage"},"datePublished":"2021-09-27T07:32:43+00:00","dateModified":"2021-10-14T15:28:38+00:00","author":{"@id":"https:\/\/pweb-lugano.glauco.it\/seedtemplate-basico-reboot-multi\/#\/schema\/person\/c079e50e4e5774962ff96f3333939edc"},"breadcrumb":{"@id":"https:\/\/pweb-lugano.glauco.it\/seedtemplate-basico-reboot-multi\/2021\/09\/27\/ecco-il-programma\/#breadcrumb"},"inLanguage":"it-IT","potentialAction":[{"@type":"ReadAction","target":["https:\/\/pweb-lugano.glauco.it\/seedtemplate-basico-reboot-multi\/2021\/09\/27\/ecco-il-programma\/"]}]},{"@type":"BreadcrumbList","@id":"https:\/\/pweb-lugano.glauco.it\/seedtemplate-basico-reboot-multi\/2021\/09\/27\/ecco-il-programma\/#breadcrumb","itemListElement":[{"@type":"ListItem","position":1,"name":"Home","item":"https:\/\/pweb-lugano.glauco.it\/seedtemplate-basico-reboot-multi\/"},{"@type":"ListItem","position":2,"name":"ecco il programma"}]},{"@type":"Person","@id":"https:\/\/pweb-lugano.glauco.it\/seedtemplate-basico-reboot-multi\/#\/schema\/person\/c079e50e4e5774962ff96f3333939edc","name":"sEEd_aDm_wP","image":{"@type":"ImageObject","inLanguage":"it-IT","@id":"https:\/\/pweb-lugano.glauco.it\/seedtemplate-basico-reboot-multi\/#\/schema\/person\/image\/","url":"https:\/\/secure.gravatar.com\/avatar\/91712870a0359f250d1a3c277a2f5ad4?s=96&d=mm&r=g","contentUrl":"https:\/\/secure.gravatar.com\/avatar\/91712870a0359f250d1a3c277a2f5ad4?s=96&d=mm&r=g","caption":"sEEd_aDm_wP"},"url":"https:\/\/pweb-lugano.glauco.it\/seedtemplate-basico-reboot-multi\/author\/seed_adm_wp\/"}]}},"_links":{"self":[{"href":"https:\/\/pweb-lugano.glauco.it\/seedtemplate-basico-reboot-multi\/wp-json\/wp\/v2\/posts\/120"}],"collection":[{"href":"https:\/\/pweb-lugano.glauco.it\/seedtemplate-basico-reboot-multi\/wp-json\/wp\/v2\/posts"}],"about":[{"href":"https:\/\/pweb-lugano.glauco.it\/seedtemplate-basico-reboot-multi\/wp-json\/wp\/v2\/types\/post"}],"author":[{"embeddable":true,"href":"https:\/\/pweb-lugano.glauco.it\/seedtemplate-basico-reboot-multi\/wp-json\/wp\/v2\/users\/1"}],"replies":[{"embeddable":true,"href":"https:\/\/pweb-lugano.glauco.it\/seedtemplate-basico-reboot-multi\/wp-json\/wp\/v2\/comments?post=120"}],"version-history":[{"count":3,"href":"https:\/\/pweb-lugano.glauco.it\/seedtemplate-basico-reboot-multi\/wp-json\/wp\/v2\/posts\/120\/revisions"}],"predecessor-version":[{"id":226,"href":"https:\/\/pweb-lugano.glauco.it\/seedtemplate-basico-reboot-multi\/wp-json\/wp\/v2\/posts\/120\/revisions\/226"}],"wp:featuredmedia":[{"embeddable":true,"href":"https:\/\/pweb-lugano.glauco.it\/seedtemplate-basico-reboot-multi\/wp-json\/wp\/v2\/media\/216"}],"wp:attachment":[{"href":"https:\/\/pweb-lugano.glauco.it\/seedtemplate-basico-reboot-multi\/wp-json\/wp\/v2\/media?parent=120"}],"wp:term":[{"taxonomy":"category","embeddable":true,"href":"https:\/\/pweb-lugano.glauco.it\/seedtemplate-basico-reboot-multi\/wp-json\/wp\/v2\/categories?post=120"},{"taxonomy":"post_tag","embeddable":true,"href":"https:\/\/pweb-lugano.glauco.it\/seedtemplate-basico-reboot-multi\/wp-json\/wp\/v2\/tags?post=120"}],"curies":[{"name":"wp","href":"https:\/\/api.w.org\/{rel}","templated":true}]}}