{"id":131,"date":"2021-09-27T09:44:29","date_gmt":"2021-09-27T07:44:29","guid":{"rendered":"http:\/\/seedtemplate-tema-bs.pweb-trento.glauco.it\/?p=131"},"modified":"2021-10-14T17:45:46","modified_gmt":"2021-10-14T15:45:46","slug":"gruppo-liturgico","status":"publish","type":"post","link":"https:\/\/pweb-lugano.glauco.it\/parrocchia-demo\/2021\/09\/27\/gruppo-liturgico\/","title":{"rendered":"Gruppo Liturgico"},"content":{"rendered":"<p>Il Gruppo liturgico nasce dall\u2019esigenza di curare la dimensione liturgica della comunit\u00e0 parrocchiale. Tale dimensione, infatti, \u00e8 principale nella vita della comunit\u00e0 in quanto ricorda chiaramente che intorno all\u2019altare del Signore si vive e si cresce come Chiesa: l\u2019Eucaristia ci fa Chiesa.<\/p>\n<p>Preparare e curare le celebrazioni, allontanando cos\u00ec ogni forma di improvvisazione, significa favorire nell\u2019assemblea una partecipazione attiva e consapevole alle azioni sacramentali, al fine di fare viva esperienza di Cristo attraverso i segni liturgici.<\/p>\n<p>Il Gruppo liturgico diventa allora un\u2019espressione operativa della ministerialit\u00e0 della Chiesa e si pone all\u2019interno dell\u2019attivit\u00e0 pastorale, sentita come responsabilit\u00e0 non solo del Parroco e dei Frati, ma anche dei laici e dei fedeli.<\/p>\n<p>Nella nostra Parrocchia, il Gruppo \u00e8 chiamato a tradurre in Liturgia quello che il Consiglio Pastorale Parrocchiale progetta attraverso le sue Commissioni (in particolare la Commissione della Catechesi e della Liturgia).<\/p>\n<p> I componenti del Gruppo, operando e collaborando fraternamente, sono operativi fin dal mese di Settembre individuando con chiarezza i vari momenti liturgici e pastorali e gli eventi straordinari nell\u2019ambito della vita parrocchiale che necessitano di essere adeguatamente animati, anche in collaborazione con gli altri gruppi operanti.<\/p>\n<p>Durante l\u2019anno si incontrano con regolarit\u00e0 una volta al mese e, nei momenti forti, anche pi\u00f9 volte, dividendosi in gruppetti di lavoro.<\/p>\n<p>All\u2019ORGANIZZAZIONE viene sempre affiancata la FORMAZIONE. Essa, infatti, \u00e8 finalizzata a far crescere i laici nella Chiesa, tanto da passare\u00a0\u201cdalla collaborazione alla corresponsabilit\u00e0\u201d. Per questo motivo i membri del Gruppo Liturgico partecipano a corsi di formazione in ambito diocesano e mettono i propri carismi a disposizione della comunit\u00e0, consapevoli di essere responsabili delle opportunit\u00e0 e dei doni ricevuti, poich\u00e8 i carismi condivisi realizzano la qualit\u00e0 di una comunit\u00e0 apostolica.<\/p>\n","protected":false},"excerpt":{"rendered":"<p>Il Gruppo liturgico nasce dall\u2019esigenza di curare la dimensione liturgica della comunit\u00e0 parrocchiale. Tale dimensione, infatti, \u00e8 principale nella vita della comunit\u00e0 in quanto ricorda&#8230; <a class=\"p_t_read_more read-more top\" href=\"https:\/\/pweb-lugano.glauco.it\/parrocchia-demo\/2021\/09\/27\/gruppo-liturgico\/\" rel=\"nofollow\">Leggi tutto<\/a><\/p>\n","protected":false},"author":1,"featured_media":0,"comment_status":"closed","ping_status":"closed","sticky":false,"template":"","format":"standard","meta":[],"categories":[5],"tags":[],"acf":[],"yoast_head":"<!-- This site is optimized with the Yoast SEO plugin v19.0 - https:\/\/yoast.com\/wordpress\/plugins\/seo\/ -->\n<title>Gruppo Liturgico - Parrocchia Demo<\/title>\n<meta name=\"robots\" content=\"index, follow, max-snippet:-1, max-image-preview:large, max-video-preview:-1\" \/>\n<link rel=\"canonical\" href=\"https:\/\/pweb-lugano.glauco.it\/parrocchia-demo\/2021\/09\/27\/gruppo-liturgico\/\" \/>\n<meta property=\"og:locale\" content=\"it_IT\" \/>\n<meta property=\"og:type\" content=\"article\" \/>\n<meta property=\"og:title\" content=\"Gruppo Liturgico - Parrocchia Demo\" \/>\n<meta property=\"og:description\" content=\"Il Gruppo liturgico nasce dall\u2019esigenza di curare la dimensione liturgica della comunit\u00e0 parrocchiale. Tale dimensione, infatti, \u00e8 principale nella vita della comunit\u00e0 in quanto ricorda... Leggi tutto\" \/>\n<meta property=\"og:url\" content=\"https:\/\/pweb-lugano.glauco.it\/parrocchia-demo\/2021\/09\/27\/gruppo-liturgico\/\" \/>\n<meta property=\"og:site_name\" content=\"Parrocchia Demo\" \/>\n<meta property=\"article:published_time\" content=\"2021-09-27T07:44:29+00:00\" \/>\n<meta property=\"article:modified_time\" content=\"2021-10-14T15:45:46+00:00\" \/>\n<meta name=\"twitter:card\" content=\"summary_large_image\" \/>\n<meta name=\"twitter:label1\" content=\"Written by\" \/>\n\t<meta name=\"twitter:data1\" content=\"sEEd_aDm_wP\" \/>\n\t<meta name=\"twitter:label2\" content=\"Est. reading time\" \/>\n\t<meta name=\"twitter:data2\" content=\"1 minuto\" \/>\n<script type=\"application\/ld+json\" class=\"yoast-schema-graph\">{\"@context\":\"https:\/\/schema.org\",\"@graph\":[{\"@type\":\"WebSite\",\"@id\":\"https:\/\/pweb-lugano.glauco.it\/parrocchia-demo\/#website\",\"url\":\"https:\/\/pweb-lugano.glauco.it\/parrocchia-demo\/\",\"name\":\"Parrocchia Demo\",\"description\":\"Diocesi di Lugano\",\"potentialAction\":[{\"@type\":\"SearchAction\",\"target\":{\"@type\":\"EntryPoint\",\"urlTemplate\":\"https:\/\/pweb-lugano.glauco.it\/parrocchia-demo\/?s={search_term_string}\"},\"query-input\":\"required name=search_term_string\"}],\"inLanguage\":\"it-IT\"},{\"@type\":\"WebPage\",\"@id\":\"https:\/\/pweb-lugano.glauco.it\/parrocchia-demo\/2021\/09\/27\/gruppo-liturgico\/#webpage\",\"url\":\"https:\/\/pweb-lugano.glauco.it\/parrocchia-demo\/2021\/09\/27\/gruppo-liturgico\/\",\"name\":\"Gruppo Liturgico - Parrocchia Demo\",\"isPartOf\":{\"@id\":\"https:\/\/pweb-lugano.glauco.it\/parrocchia-demo\/#website\"},\"datePublished\":\"2021-09-27T07:44:29+00:00\",\"dateModified\":\"2021-10-14T15:45:46+00:00\",\"author\":{\"@id\":\"https:\/\/pweb-lugano.glauco.it\/parrocchia-demo\/#\/schema\/person\/c079e50e4e5774962ff96f3333939edc\"},\"breadcrumb\":{\"@id\":\"https:\/\/pweb-lugano.glauco.it\/parrocchia-demo\/2021\/09\/27\/gruppo-liturgico\/#breadcrumb\"},\"inLanguage\":\"it-IT\",\"potentialAction\":[{\"@type\":\"ReadAction\",\"target\":[\"https:\/\/pweb-lugano.glauco.it\/parrocchia-demo\/2021\/09\/27\/gruppo-liturgico\/\"]}]},{\"@type\":\"BreadcrumbList\",\"@id\":\"https:\/\/pweb-lugano.glauco.it\/parrocchia-demo\/2021\/09\/27\/gruppo-liturgico\/#breadcrumb\",\"itemListElement\":[{\"@type\":\"ListItem\",\"position\":1,\"name\":\"Home\",\"item\":\"https:\/\/pweb-lugano.glauco.it\/parrocchia-demo\/\"},{\"@type\":\"ListItem\",\"position\":2,\"name\":\"Gruppo Liturgico\"}]},{\"@type\":\"Person\",\"@id\":\"https:\/\/pweb-lugano.glauco.it\/parrocchia-demo\/#\/schema\/person\/c079e50e4e5774962ff96f3333939edc\",\"name\":\"sEEd_aDm_wP\",\"image\":{\"@type\":\"ImageObject\",\"inLanguage\":\"it-IT\",\"@id\":\"https:\/\/pweb-lugano.glauco.it\/parrocchia-demo\/#\/schema\/person\/image\/\",\"url\":\"https:\/\/secure.gravatar.com\/avatar\/91712870a0359f250d1a3c277a2f5ad4?s=96&d=mm&r=g\",\"contentUrl\":\"https:\/\/secure.gravatar.com\/avatar\/91712870a0359f250d1a3c277a2f5ad4?s=96&d=mm&r=g\",\"caption\":\"sEEd_aDm_wP\"},\"url\":\"https:\/\/pweb-lugano.glauco.it\/parrocchia-demo\/author\/seed_adm_wp\/\"}]}<\/script>\n<!-- \/ Yoast SEO plugin. -->","yoast_head_json":{"title":"Gruppo Liturgico - Parrocchia Demo","robots":{"index":"index","follow":"follow","max-snippet":"max-snippet:-1","max-image-preview":"max-image-preview:large","max-video-preview":"max-video-preview:-1"},"canonical":"https:\/\/pweb-lugano.glauco.it\/parrocchia-demo\/2021\/09\/27\/gruppo-liturgico\/","og_locale":"it_IT","og_type":"article","og_title":"Gruppo Liturgico - Parrocchia Demo","og_description":"Il Gruppo liturgico nasce dall\u2019esigenza di curare la dimensione liturgica della comunit\u00e0 parrocchiale. Tale dimensione, infatti, \u00e8 principale nella vita della comunit\u00e0 in quanto ricorda... Leggi tutto","og_url":"https:\/\/pweb-lugano.glauco.it\/parrocchia-demo\/2021\/09\/27\/gruppo-liturgico\/","og_site_name":"Parrocchia Demo","article_published_time":"2021-09-27T07:44:29+00:00","article_modified_time":"2021-10-14T15:45:46+00:00","twitter_card":"summary_large_image","twitter_misc":{"Written by":"sEEd_aDm_wP","Est. reading time":"1 minuto"},"schema":{"@context":"https:\/\/schema.org","@graph":[{"@type":"WebSite","@id":"https:\/\/pweb-lugano.glauco.it\/parrocchia-demo\/#website","url":"https:\/\/pweb-lugano.glauco.it\/parrocchia-demo\/","name":"Parrocchia Demo","description":"Diocesi di Lugano","potentialAction":[{"@type":"SearchAction","target":{"@type":"EntryPoint","urlTemplate":"https:\/\/pweb-lugano.glauco.it\/parrocchia-demo\/?s={search_term_string}"},"query-input":"required name=search_term_string"}],"inLanguage":"it-IT"},{"@type":"WebPage","@id":"https:\/\/pweb-lugano.glauco.it\/parrocchia-demo\/2021\/09\/27\/gruppo-liturgico\/#webpage","url":"https:\/\/pweb-lugano.glauco.it\/parrocchia-demo\/2021\/09\/27\/gruppo-liturgico\/","name":"Gruppo Liturgico - Parrocchia Demo","isPartOf":{"@id":"https:\/\/pweb-lugano.glauco.it\/parrocchia-demo\/#website"},"datePublished":"2021-09-27T07:44:29+00:00","dateModified":"2021-10-14T15:45:46+00:00","author":{"@id":"https:\/\/pweb-lugano.glauco.it\/parrocchia-demo\/#\/schema\/person\/c079e50e4e5774962ff96f3333939edc"},"breadcrumb":{"@id":"https:\/\/pweb-lugano.glauco.it\/parrocchia-demo\/2021\/09\/27\/gruppo-liturgico\/#breadcrumb"},"inLanguage":"it-IT","potentialAction":[{"@type":"ReadAction","target":["https:\/\/pweb-lugano.glauco.it\/parrocchia-demo\/2021\/09\/27\/gruppo-liturgico\/"]}]},{"@type":"BreadcrumbList","@id":"https:\/\/pweb-lugano.glauco.it\/parrocchia-demo\/2021\/09\/27\/gruppo-liturgico\/#breadcrumb","itemListElement":[{"@type":"ListItem","position":1,"name":"Home","item":"https:\/\/pweb-lugano.glauco.it\/parrocchia-demo\/"},{"@type":"ListItem","position":2,"name":"Gruppo Liturgico"}]},{"@type":"Person","@id":"https:\/\/pweb-lugano.glauco.it\/parrocchia-demo\/#\/schema\/person\/c079e50e4e5774962ff96f3333939edc","name":"sEEd_aDm_wP","image":{"@type":"ImageObject","inLanguage":"it-IT","@id":"https:\/\/pweb-lugano.glauco.it\/parrocchia-demo\/#\/schema\/person\/image\/","url":"https:\/\/secure.gravatar.com\/avatar\/91712870a0359f250d1a3c277a2f5ad4?s=96&d=mm&r=g","contentUrl":"https:\/\/secure.gravatar.com\/avatar\/91712870a0359f250d1a3c277a2f5ad4?s=96&d=mm&r=g","caption":"sEEd_aDm_wP"},"url":"https:\/\/pweb-lugano.glauco.it\/parrocchia-demo\/author\/seed_adm_wp\/"}]}},"_links":{"self":[{"href":"https:\/\/pweb-lugano.glauco.it\/parrocchia-demo\/wp-json\/wp\/v2\/posts\/131"}],"collection":[{"href":"https:\/\/pweb-lugano.glauco.it\/parrocchia-demo\/wp-json\/wp\/v2\/posts"}],"about":[{"href":"https:\/\/pweb-lugano.glauco.it\/parrocchia-demo\/wp-json\/wp\/v2\/types\/post"}],"author":[{"embeddable":true,"href":"https:\/\/pweb-lugano.glauco.it\/parrocchia-demo\/wp-json\/wp\/v2\/users\/1"}],"replies":[{"embeddable":true,"href":"https:\/\/pweb-lugano.glauco.it\/parrocchia-demo\/wp-json\/wp\/v2\/comments?post=131"}],"version-history":[{"count":1,"href":"https:\/\/pweb-lugano.glauco.it\/parrocchia-demo\/wp-json\/wp\/v2\/posts\/131\/revisions"}],"predecessor-version":[{"id":132,"href":"https:\/\/pweb-lugano.glauco.it\/parrocchia-demo\/wp-json\/wp\/v2\/posts\/131\/revisions\/132"}],"wp:attachment":[{"href":"https:\/\/pweb-lugano.glauco.it\/parrocchia-demo\/wp-json\/wp\/v2\/media?parent=131"}],"wp:term":[{"taxonomy":"category","embeddable":true,"href":"https:\/\/pweb-lugano.glauco.it\/parrocchia-demo\/wp-json\/wp\/v2\/categories?post=131"},{"taxonomy":"post_tag","embeddable":true,"href":"https:\/\/pweb-lugano.glauco.it\/parrocchia-demo\/wp-json\/wp\/v2\/tags?post=131"}],"curies":[{"name":"wp","href":"https:\/\/api.w.org\/{rel}","templated":true}]}}